{"id":161,"date":"2025-03-20T19:29:35","date_gmt":"2025-03-20T18:29:35","guid":{"rendered":"https:\/\/ar.artereciclada.com.br\/?p=161"},"modified":"2025-03-20T19:32:20","modified_gmt":"2025-03-20T18:32:20","slug":"la-importancia-de-la-postura","status":"publish","type":"post","link":"https:\/\/ar.artereciclada.com.br\/it\/carreira\/la-importancia-de-la-postura\/","title":{"rendered":"La Importancia de la Postura Corporal en el \u00c9xito Profesional"},"content":{"rendered":"<p>La <strong>postura<\/strong> corporal es una herramienta poderosa en el entorno profesional. <\/p>\n\n\n\n<p>M\u00e1s all\u00e1 de la vestimenta y el lenguaje verbal, la manera en que nos presentamos f\u00edsicamente puede influir en la percepci\u00f3n que los dem\u00e1s tienen de nosotros, nuestra confianza personal y el impacto que generamos en el \u00e1mbito laboral.<\/p>\n\n\n\n<p>En este art\u00edculo, descubrir\u00e1s c\u00f3mo la <strong>postura<\/strong> puede potenciar tu presencia profesional y qu\u00e9 t\u00e9cnicas aplicar para mejorarla y proyectar una imagen de \u00e9xito.<\/p>\n\n\n\n<div class=\"wp-block-rank-math-toc-block\" id=\"rank-math-toc\"><h2>Table of Contents<\/h2><nav><ul><li><a href=\"#por-que-la-postura-es-clave-en-el-entorno-profesional\">\u00bfPor Qu\u00e9 la Postura es Clave en el Entorno Profesional?<\/a><\/li><li><a href=\"#la-postura-y-el-lenguaje-corporal-como-te-ven-los-demas\">La Postura y el Lenguaje Corporal: \u00bfC\u00f3mo Te Ven los Dem\u00e1s?<\/a><ul><li><a href=\"#como-mejorar-tu-postura-para-reflejar-seguridad\">C\u00f3mo mejorar tu postura para reflejar seguridad:<\/a><\/li><\/ul><\/li><li><a href=\"#postura-en-reuniones-y-presentaciones-como-imponer-presencia\">Postura en Reuniones y Presentaciones: C\u00f3mo Imponer Presencia<\/a><ul><li><a href=\"#claves-para-una-postura-impactante-en-reuniones\">Claves para una postura impactante en reuniones:<\/a><\/li><\/ul><\/li><li><a href=\"#caminar-con-seguridad-como-dejar-una-buena-impresion\">Caminar con Seguridad: C\u00f3mo Dejar una Buena Impresi\u00f3n<\/a><ul><li><a href=\"#como-caminar-con-elegancia-y-seguridad-en-el-trabajo\">C\u00f3mo caminar con elegancia y seguridad en el trabajo:<\/a><\/li><\/ul><\/li><li><a href=\"#la-postura-y-la-voz-una-combinacion-poderosa\">La Postura y la Voz: Una Combinaci\u00f3n Poderosa<\/a><ul><li><a href=\"#como-mejorar-la-voz-con-una-postura-adecuada\">C\u00f3mo mejorar la voz con una postura adecuada:<\/a><\/li><\/ul><\/li><li><a href=\"#postura-en-el-escritorio-evita-fatiga-y-mejora-tu-imagen\">Postura en el Escritorio: Evita Fatiga y Mejora tu Imagen<\/a><ul><li><a href=\"#claves-para-una-buena-postura-en-el-escritorio\">Claves para una buena postura en el escritorio:<\/a><\/li><\/ul><\/li><li><a href=\"#la-psicologia-de-la-postura-como-influir-en-tu-propia-confianza\">La Psicolog\u00eda de la Postura: C\u00f3mo Influir en tu Propia Confianza<\/a><ul><li><a href=\"#tecnicas-de-postura-para-mejorar-la-autoconfianza\">T\u00e9cnicas de postura para mejorar la autoconfianza:<\/a><\/li><\/ul><\/li><li><a href=\"#errores-de-postura-que-pueden-perjudicar-tu-imagen-profesional\">Errores de Postura que Pueden Perjudicar tu Imagen Profesional<\/a><\/li><li><a href=\"#ejercicios-simples-para-mejorar-la-postura\">Ejercicios Simples para Mejorar la Postura<\/a><ul><li><a href=\"#ejercicios-recomendados\">Ejercicios recomendados:<\/a><\/li><\/ul><\/li><li><a href=\"#conclusion\">Conclusi\u00f3n<\/a><ul><li><a href=\"#fuentes\">Fuentes<\/a><\/li><\/ul><\/li><\/ul><\/nav><\/div>\n\n\n\n<hr class=\"wp-block-separator has-alpha-channel-opacity\"\/>\n\n\n\n<h2 class=\"wp-block-heading\" id=\"por-que-la-postura-es-clave-en-el-entorno-profesional\"><strong>\u00bfPor Qu\u00e9 la Postura es Clave en el Entorno Profesional?<\/strong><\/h2>\n\n\n\n<p>La forma en que te <strong>sientas, caminas o te posicionas<\/strong> influye directamente en c\u00f3mo te perciben los dem\u00e1s.<\/p>\n\n\n\n<p><strong>Beneficios de una buena postura en el trabajo:<\/strong><br>\u2705 <strong>Proyecta confianza y autoridad<\/strong>, favoreciendo el liderazgo.<br>\u2705 <strong>Refuerza la credibilidad y profesionalismo<\/strong>, ayudando en negociaciones y presentaciones.<br>\u2705 <strong>Mejora la comunicaci\u00f3n no verbal<\/strong>, haciendo que el mensaje sea m\u00e1s efectivo.<br>\u2705 <strong>Previene problemas f\u00edsicos<\/strong>, como dolores de espalda y tensi\u00f3n muscular.<\/p>\n\n\n\n<p>Una <strong>postura<\/strong> adecuada no solo mejora la est\u00e9tica, sino que tambi\u00e9n impacta en el bienestar y desempe\u00f1o profesional.<\/p>\n\n\n\n<hr class=\"wp-block-separator has-alpha-channel-opacity\"\/>\n\n\n\n<h2 class=\"wp-block-heading\" id=\"la-postura-y-el-lenguaje-corporal-como-te-ven-los-demas\"><strong>La Postura y el Lenguaje Corporal: \u00bfC\u00f3mo Te Ven los Dem\u00e1s?<\/strong><\/h2>\n\n\n\n<p>El lenguaje corporal habla antes que las palabras. Una postura encorvada puede transmitir inseguridad, mientras que una posici\u00f3n firme y erguida <strong>proyecta autoridad y confianza<\/strong>.<\/p>\n\n\n\n<h3 class=\"wp-block-heading\" id=\"como-mejorar-tu-postura-para-reflejar-seguridad\"><strong>C\u00f3mo mejorar tu postura para reflejar seguridad:<\/strong><\/h3>\n\n\n\n<p>\u2705 <strong>Mant\u00e9n la espalda recta<\/strong> y los hombros ligeramente hacia atr\u00e1s.<br>\u2705 <strong>Evita cruzar los brazos<\/strong>, ya que puede indicar falta de apertura.<br>\u2705 <strong>Haz contacto visual<\/strong> para generar confianza y conexi\u00f3n con los dem\u00e1s.<br>\u2705 <strong>Mant\u00e9n el ment\u00f3n alineado<\/strong>, evitando mirar demasiado hacia abajo o arriba.<\/p>\n\n\n\n<p><strong>Consejo:<\/strong> Observa a l\u00edderes exitosos y analiza c\u00f3mo su postura refuerza su imagen.<\/p>\n\n\n\n<hr class=\"wp-block-separator has-alpha-channel-opacity\"\/>\n\n\n\n<h2 class=\"wp-block-heading\" id=\"postura-en-reuniones-y-presentaciones-como-imponer-presencia\"><strong>Postura en Reuniones y Presentaciones: C\u00f3mo Imponer Presencia<\/strong><\/h2>\n\n\n\n<p>Tu <strong>postura<\/strong> en reuniones puede determinar c\u00f3mo te perciben tus colegas y superiores.<\/p>\n\n\n\n<h3 class=\"wp-block-heading\" id=\"claves-para-una-postura-impactante-en-reuniones\"><strong>Claves para una postura impactante en reuniones:<\/strong><\/h3>\n\n\n\n<p>\u2714 <strong>Si est\u00e1s de pie:<\/strong> Mant\u00e9n los pies alineados con los hombros y distribuye el peso equilibradamente.<br>\u2714 <strong>Si est\u00e1s sentado:<\/strong> Mant\u00e9n la espalda recta, sin apoyarte demasiado en la silla.<br>\u2714 <strong>Usa gestos naturales:<\/strong> Evita movimientos bruscos y mant\u00e9n una actitud relajada.<br>\u2714 <strong>Proyecta seguridad:<\/strong> Evita jugar con objetos o tocarte la cara constantemente.<\/p>\n\n\n\n<p><strong>Consejo:<\/strong> Un buen control de la <strong>postura<\/strong> durante reuniones refuerza tu credibilidad y liderazgo.<\/p>\n\n\n\n<hr class=\"wp-block-separator has-alpha-channel-opacity\"\/>\n\n\n\n<h2 class=\"wp-block-heading\" id=\"caminar-con-seguridad-como-dejar-una-buena-impresion\"><strong>Caminar con Seguridad: C\u00f3mo Dejar una Buena Impresi\u00f3n<\/strong><\/h2>\n\n\n\n<p>La forma en que caminas tambi\u00e9n comunica confianza o inseguridad.<\/p>\n\n\n\n<h3 class=\"wp-block-heading\" id=\"como-caminar-con-elegancia-y-seguridad-en-el-trabajo\"><strong>C\u00f3mo caminar con elegancia y seguridad en el trabajo:<\/strong><\/h3>\n\n\n\n<p>\u2705 <strong>Mant\u00e9n la cabeza erguida<\/strong>, con la mirada al frente.<br>\u2705 <strong>Evita pasos demasiado r\u00e1pidos o inseguros.<\/strong><br>\u2705 <strong>Mant\u00e9n los hombros relajados<\/strong> y el torso alineado con la cadera.<br>\u2705 <strong>Coordina los movimientos de brazos y piernas<\/strong> para un caminar natural.<\/p>\n\n\n\n<p><strong>Consejo:<\/strong> Practica frente a un espejo para ajustar detalles en tu postura al caminar.<\/p>\n\n\n\n<hr class=\"wp-block-separator has-alpha-channel-opacity\"\/>\n\n\n\n<h2 class=\"wp-block-heading\" id=\"la-postura-y-la-voz-una-combinacion-poderosa\"><strong>La Postura y la Voz: Una Combinaci\u00f3n Poderosa<\/strong><\/h2>\n\n\n\n<p>Una postura firme influye en la proyecci\u00f3n de la voz.<\/p>\n\n\n\n<h3 class=\"wp-block-heading\" id=\"como-mejorar-la-voz-con-una-postura-adecuada\"><strong>C\u00f3mo mejorar la voz con una postura adecuada:<\/strong><\/h3>\n\n\n\n<p>\u2714 <strong>Evita encorvarte<\/strong>, ya que puede afectar la respiraci\u00f3n y el tono de voz.<br>\u2714 <strong>Mant\u00e9n el pecho abierto<\/strong>, permitiendo una mejor proyecci\u00f3n vocal.<br>\u2714 <strong>Relaja la mand\u00edbula y el cuello<\/strong>, evitando tensi\u00f3n innecesaria.<\/p>\n\n\n\n<p><strong>Consejo:<\/strong> Practicar t\u00e9cnicas de respiraci\u00f3n profunda ayuda a mejorar la voz y la postura.<\/p>\n\n\n\n<hr class=\"wp-block-separator has-alpha-channel-opacity\"\/>\n\n\n\n<h2 class=\"wp-block-heading\" id=\"postura-en-el-escritorio-evita-fatiga-y-mejora-tu-imagen\"><strong>Postura en el Escritorio: Evita Fatiga y Mejora tu Imagen<\/strong><\/h2>\n\n\n\n<p>Muchas profesionales pasan largas horas sentadas, lo que puede afectar la postura y la salud.<\/p>\n\n\n\n<h3 class=\"wp-block-heading\" id=\"claves-para-una-buena-postura-en-el-escritorio\"><strong>Claves para una buena postura en el escritorio:<\/strong><\/h3>\n\n\n\n<p>\u2705 <strong>Mant\u00e9n los pies apoyados en el suelo<\/strong> para evitar tensi\u00f3n en la espalda.<br>\u2705 <strong>Ajusta la altura de la pantalla<\/strong> para que quede al nivel de los ojos.<br>\u2705 <strong>Mant\u00e9n los hombros relajados<\/strong> y la espalda alineada con el respaldo.<br>\u2705 <strong>Haz pausas para moverte<\/strong>, evitando rigidez muscular.<\/p>\n\n\n\n<p><strong>Consejo:<\/strong> Un ambiente ergon\u00f3mico y una buena postura en la oficina previenen molestias y mejoran el desempe\u00f1o.<\/p>\n\n\n\n<hr class=\"wp-block-separator has-alpha-channel-opacity\"\/>\n\n\n\n<h2 class=\"wp-block-heading\" id=\"la-psicologia-de-la-postura-como-influir-en-tu-propia-confianza\"><strong>La Psicolog\u00eda de la Postura: C\u00f3mo Influir en tu Propia Confianza<\/strong><\/h2>\n\n\n\n<p>La forma en que te posicionas no solo afecta c\u00f3mo te ven los dem\u00e1s, sino tambi\u00e9n c\u00f3mo te sientes contigo misma.<\/p>\n\n\n\n<h3 class=\"wp-block-heading\" id=\"tecnicas-de-postura-para-mejorar-la-autoconfianza\"><strong>T\u00e9cnicas de postura para mejorar la autoconfianza:<\/strong><\/h3>\n\n\n\n<p>\u2714 <strong>La \u00abpose de poder\u00bb:<\/strong> Mantente de pie con los pies abiertos y manos en la cintura durante 2 minutos antes de una reuni\u00f3n.<br>\u2714 <strong>Postura expansiva:<\/strong> Mant\u00e9n la espalda recta y los hombros abiertos para sentirte m\u00e1s segura.<br>\u2714 <strong>Evita encogerte:<\/strong> Una postura encorvada puede generar inseguridad y reducir el impacto de tu presencia.<\/p>\n\n\n\n<p><strong>Consejo:<\/strong> Adoptar una postura de confianza antes de eventos importantes puede mejorar el desempe\u00f1o.<\/p>\n\n\n\n<hr class=\"wp-block-separator has-alpha-channel-opacity\"\/>\n\n\n\n<h2 class=\"wp-block-heading\" id=\"errores-de-postura-que-pueden-perjudicar-tu-imagen-profesional\"><strong>Errores de Postura que Pueden Perjudicar tu Imagen Profesional<\/strong><\/h2>\n\n\n\n<p><strong>Cruzar los brazos constantemente<\/strong> \u2192 Puede transmitir desconfianza o actitud defensiva.<br><strong>Inclinar demasiado la cabeza al hablar<\/strong> \u2192 Puede hacer que parezcas menos segura.<br><strong>Caminar con los hombros ca\u00eddos<\/strong> \u2192 Puede dar una impresi\u00f3n de cansancio o inseguridad.<br><strong>Sentarse encorvada<\/strong> \u2192 Puede afectar la salud y restar autoridad a tu imagen.<\/p>\n\n\n\n<p> <strong>Consejo:<\/strong> Hacer ajustes sutiles en la postura mejora tu presencia y profesionalismo.<\/p>\n\n\n\n<hr class=\"wp-block-separator has-alpha-channel-opacity\"\/>\n\n\n\n<h2 class=\"wp-block-heading\" id=\"ejercicios-simples-para-mejorar-la-postura\"><strong>Ejercicios Simples para Mejorar la Postura<\/strong><\/h2>\n\n\n\n<p>Para mantener una <strong>postura correcta<\/strong>, es importante fortalecer la musculatura.<\/p>\n\n\n\n<h3 class=\"wp-block-heading\" id=\"ejercicios-recomendados\"><strong>Ejercicios recomendados:<\/strong><\/h3>\n\n\n\n<p>\u2705 <strong>Estiramientos de espalda y cuello<\/strong>, para aliviar tensi\u00f3n muscular.<br>\u2705 <strong>Ejercicios de core (abdominales y lumbares)<\/strong>, para mantener una postura erguida.<br>\u2705 <strong>Yoga o pilates<\/strong>, para mejorar la alineaci\u00f3n corporal.<br>\u2705 <strong>Caminar con un libro en la cabeza<\/strong>, para entrenar una postura recta.<\/p>\n\n\n\n<p><strong>Consejo:<\/strong> Dedica al menos 10 minutos al d\u00eda a mejorar tu postura y sentir\u00e1s la diferencia.<\/p>\n\n\n\n<hr class=\"wp-block-separator has-alpha-channel-opacity\"\/>\n\n\n\n<h2 class=\"wp-block-heading\" id=\"conclusion\"><strong>Conclusi\u00f3n<\/strong><\/h2>\n\n\n\n<p>La <strong>postura corporal<\/strong> es un elemento clave en el \u00e9xito profesional. No solo afecta la percepci\u00f3n de los dem\u00e1s, sino que tambi\u00e9n influye en la confianza y el rendimiento en el trabajo.<\/p>\n\n\n\n<p><strong>Consejo final:<\/strong> Ajusta tu <strong>postura<\/strong> de manera consciente en reuniones, al caminar y al sentarte. Peque\u00f1os cambios pueden marcar una gran diferencia en tu imagen y autoestima.<\/p>\n\n\n\n<hr class=\"wp-block-separator has-alpha-channel-opacity\"\/>\n\n\n\n<h3 class=\"wp-block-heading\" id=\"fuentes\"><strong>Fuentes<\/strong><\/h3>\n\n\n\n<ul class=\"wp-block-list\">\n<li>Expertos en lenguaje corporal y comunicaci\u00f3n no verbal<\/li>\n\n\n\n<li>Estudios sobre la psicolog\u00eda de la postura en el \u00e1mbito profesional<\/li>\n\n\n\n<li>Revistas especializadas en imagen y desarrollo profesional<\/li>\n<\/ul>\n\n\n\n<p>\ud83d\udce9 <strong>Si tienes dudas o deseas m\u00e1s consejos, escr\u00edbenos a:<\/strong> <a>contato@artereciclada.com.br<\/a><br>\ud83c\udf0e <strong>Vis\u00edtanos en:<\/strong> <a href=\"https:\/\/ar.artereciclada.com.br\/it\/\">https:\/\/ar.artereciclada.com.br<\/a><\/p>\n\n\n\n<hr class=\"wp-block-separator has-alpha-channel-opacity\"\/>","protected":false},"excerpt":{"rendered":"<p>La postura corporal es una herramienta poderosa en el entorno profesional. M\u00e1s all\u00e1 de la vestimenta y el lenguaje verbal, la manera en que nos presentamos f\u00edsicamente puede influir en la percepci\u00f3n que los dem\u00e1s tienen de nosotros, nuestra confianza personal y el impacto que generamos en el \u00e1mbito laboral. En este art\u00edculo, descubrir\u00e1s c\u00f3mo [&hellip;]<\/p>","protected":false},"author":3,"featured_media":165,"comment_status":"open","ping_status":"open","sticky":false,"template":"","format":"standard","meta":{"footnotes":""},"categories":[7],"tags":[],"class_list":["post-161","post","type-post","status-publish","format-standard","has-post-thumbnail","hentry","category-carreira"],"blocksy_meta":[],"_links":{"self":[{"href":"https:\/\/ar.artereciclada.com.br\/it\/wp-json\/wp\/v2\/posts\/161","targetHints":{"allow":["GET"]}}],"collection":[{"href":"https:\/\/ar.artereciclada.com.br\/it\/wp-json\/wp\/v2\/posts"}],"about":[{"href":"https:\/\/ar.artereciclada.com.br\/it\/wp-json\/wp\/v2\/types\/post"}],"author":[{"embeddable":true,"href":"https:\/\/ar.artereciclada.com.br\/it\/wp-json\/wp\/v2\/users\/3"}],"replies":[{"embeddable":true,"href":"https:\/\/ar.artereciclada.com.br\/it\/wp-json\/wp\/v2\/comments?post=161"}],"version-history":[{"count":2,"href":"https:\/\/ar.artereciclada.com.br\/it\/wp-json\/wp\/v2\/posts\/161\/revisions"}],"predecessor-version":[{"id":166,"href":"https:\/\/ar.artereciclada.com.br\/it\/wp-json\/wp\/v2\/posts\/161\/revisions\/166"}],"wp:featuredmedia":[{"embeddable":true,"href":"https:\/\/ar.artereciclada.com.br\/it\/wp-json\/wp\/v2\/media\/165"}],"wp:attachment":[{"href":"https:\/\/ar.artereciclada.com.br\/it\/wp-json\/wp\/v2\/media?parent=161"}],"wp:term":[{"taxonomy":"category","embeddable":true,"href":"https:\/\/ar.artereciclada.com.br\/it\/wp-json\/wp\/v2\/categories?post=161"},{"taxonomy":"post_tag","embeddable":true,"href":"https:\/\/ar.artereciclada.com.br\/it\/wp-json\/wp\/v2\/tags?post=161"}],"curies":[{"name":"wp","href":"https:\/\/api.w.org\/{rel}","templated":true}]}}